{"id":794,"date":"2014-05-11T23:13:20","date_gmt":"2014-05-11T21:13:20","guid":{"rendered":"http:\/\/www.bbkappel.ch\/?p=794"},"modified":"2014-05-11T23:13:20","modified_gmt":"2014-05-11T21:13:20","slug":"interview-in-der-noz","status":"publish","type":"post","link":"https:\/\/www.bbkappel.ch\/index.php\/interview-in-der-noz\/","title":{"rendered":"Interview in der NOZ"},"content":{"rendered":"<p><a href=\"https:\/\/www.bbkappel.ch\/wp-content\/uploads\/2014\/05\/csm_278349-brass-band-kappelanton-lack.scaled_e72e6e2533.jpg\"><img loading=\"lazy\" decoding=\"async\" class=\"size-thumbnail wp-image-795 alignleft\" src=\"https:\/\/www.bbkappel.ch\/wp-content\/uploads\/2014\/05\/csm_278349-brass-band-kappelanton-lack.scaled_e72e6e2533-150x150.jpg\" alt=\"csm_278349-brass-band-kappelanton-lack.scaled_e72e6e2533\" width=\"150\" height=\"150\" \/><\/a><\/p>\n<p>Anton Lack, an Muttertag, sprich an 11. Mai, steht das Fr\u00fchlingskonzert der Brass Band Kappel an. Sind Sie bereit daf\u00fcr oder wird noch fleissig geprobt?<br \/>\nWir proben immer fleissig! Spass beiseite: Wir haben uns in den Proben seit M\u00e4rz ein gutes Fundament erarbeitet. Mit Dirigent Oliver Waldmann arbeiten wir jetzt noch an der Feinabstimmung.<\/p>\n<p>Steht das Fr\u00fchlingskonzert unter einem Motto? Was kriegen die Besucher am 11. Mai zu h\u00f6ren?<br \/>\nEin Motto schr\u00e4nkt meiner Meinung nach immer die Qualit\u00e4t und die Auswahl der Literatur ein. Unser Fr\u00fchlingskonzert wird durch ein Ensemble mit den Jungmusikanten Silvan Lienhard, Andreas Nick, Julian Wyss (alle Cornet) und Philipp Blatter (Bariton) er\u00f6ffnet. Im ersten Konzertteil tragen wir erstmals unser Selbstwahlst\u00fcck und die gemeldeten M\u00e4rsche f\u00fcr das Kantonale Musikfest vor. Nach der Pause geht es mit bekannten Film- und Rock-Hits voll zur Sache. Das obligate Solo wird von unserem hoffnungsvollen Jungtalent Roman Junker (Cornet) vorgetragen. F\u00fcr alle M\u00fctter im Saal haben wir noch eine besondere Zugabe vorbereitet.<\/p>\n<p>Wo findet das Fr\u00fchlingskonzert statt und wie sieht es zeitlich aus?<br \/>\nDas Konzert findet im lockeren Rahmen um 17 Uhr in der Mehrzweckhalle in Kappel statt und ist daher f\u00fcr junge und \u00e4ltere oder jung gebliebene Konzertbesucher geeignet.<\/p>\n<p>Kostet das Konzert Eintritt?<br \/>\nNein, der Eintritt ist frei.<\/p>\n<p>Was steht bei der BBK dieses Jahr sonst noch auf dem Programm?<br \/>\nAm Samstag, 14. Juni, nehmen wir am Bezirksmusiktag in Lostorf und wie gesagt am Samstag, 28. Juni, am Kantonalen Musikfest in Kriegstetten teil. Nebst diversen kirchlichen und weltlichen Auftritten schliessen wir dieses Jahr mit dem Unterhaltungskonzert am 9. November ab.<\/p>\n<p>Sie sind seit 1996 Pr\u00e4sident der BBK, hatten dazwischen mal einen zweij\u00e4hrigen Unterbruch und sind nun, wenn ich richtig liege, im 16. Amtsjahr. Eine richtig lange Zeit. 2012 haben Sie in unserem NOZ-Interview gesagt, dass Sie wohl keine 20 Jahre Pr\u00e4sident sein werden. Nun sind es aber nur noch vier Jahre. Bleiben Sie also doch noch bis zum 20. Amtsjahr bei der BBK oder sogar dar\u00fcber hinaus?<br \/>\nIch habe diesbez\u00fcglich sicher keine Ambitionen! Ich schaue von Jahr zu Jahr.<\/p>\n<p>Gibt es sonst noch etwas, das Sie an dieser Stelle gerne sagen m\u00f6chten?<br \/>\nGerne danke ich an dieser Stelle unserem Ehrendirigenten Oliver Waldmann f\u00fcr seine umsichtige, kompetente und freundschaftliche musikalische Leitung unseres Vereines.<\/p>\n<p><span style=\"font-style: italic; color: #464646;\">Interview: Chantal Siegenthaler<\/span><\/p>\n<!-- AddThis Advanced Settings generic via filter on the_content -->","protected":false},"excerpt":{"rendered":"<p>Anton Lack, an Muttertag, sprich an 11. Mai, steht das Fr\u00fchlingskonzert der Brass Band Kappel an. Sind Sie bereit daf\u00fcr oder wird noch fleissig geprobt? Wir proben immer fleissig! Spass beiseite: Wir haben uns in den Proben seit M\u00e4rz ein gutes Fundament erarbeitet. Mit Dirigent Oliver Waldmann arbeiten wir jetzt noch an der Feinabstimmung. Steht das Fr\u00fchlingskonzert unter einem Motto? Was kriegen die Besucher am 11. Mai zu h\u00f6ren? Ein Motto schr\u00e4nkt meiner Meinung nach immer die Qualit\u00e4t und die&#8230;<\/p>\n<p class=\"read-more\"><a class=\"btn btn-default\" href=\"https:\/\/www.bbkappel.ch\/index.php\/interview-in-der-noz\/\">Weiterlesen<span class=\"screen-reader-text\"> Weiterlesen<\/span><\/a><\/p>\n<p><!-- AddThis Advanced Settings generic via filter on wp_trim_excerpt --><\/p>\n","protected":false},"author":4,"featured_media":0,"comment_status":"closed","ping_status":"closed","sticky":false,"template":"","format":"standard","meta":{"jetpack_post_was_ever_published":false,"_jetpack_newsletter_access":"","_jetpack_dont_email_post_to_subs":false,"_jetpack_newsletter_tier_id":0,"_jetpack_memberships_contains_paywalled_content":false,"_jetpack_memberships_contains_paid_content":false,"footnotes":""},"categories":[1],"tags":[],"class_list":["post-794","post","type-post","status-publish","format-standard","hentry","category-allgemein"],"jetpack_featured_media_url":"","jetpack_sharing_enabled":true,"jetpack_shortlink":"https:\/\/wp.me\/p9vqt6-cO","_links":{"self":[{"href":"https:\/\/www.bbkappel.ch\/index.php\/wp-json\/wp\/v2\/posts\/794","targetHints":{"allow":["GET"]}}],"collection":[{"href":"https:\/\/www.bbkappel.ch\/index.php\/wp-json\/wp\/v2\/posts"}],"about":[{"href":"https:\/\/www.bbkappel.ch\/index.php\/wp-json\/wp\/v2\/types\/post"}],"author":[{"embeddable":true,"href":"https:\/\/www.bbkappel.ch\/index.php\/wp-json\/wp\/v2\/users\/4"}],"replies":[{"embeddable":true,"href":"https:\/\/www.bbkappel.ch\/index.php\/wp-json\/wp\/v2\/comments?post=794"}],"version-history":[{"count":1,"href":"https:\/\/www.bbkappel.ch\/index.php\/wp-json\/wp\/v2\/posts\/794\/revisions"}],"predecessor-version":[{"id":796,"href":"https:\/\/www.bbkappel.ch\/index.php\/wp-json\/wp\/v2\/posts\/794\/revisions\/796"}],"wp:attachment":[{"href":"https:\/\/www.bbkappel.ch\/index.php\/wp-json\/wp\/v2\/media?parent=794"}],"wp:term":[{"taxonomy":"category","embeddable":true,"href":"https:\/\/www.bbkappel.ch\/index.php\/wp-json\/wp\/v2\/categories?post=794"},{"taxonomy":"post_tag","embeddable":true,"href":"https:\/\/www.bbkappel.ch\/index.php\/wp-json\/wp\/v2\/tags?post=794"}],"curies":[{"name":"wp","href":"https:\/\/api.w.org\/{rel}","templated":true}]}}