{"id":339,"date":"2012-04-29T23:42:15","date_gmt":"2012-04-29T21:42:15","guid":{"rendered":"http:\/\/www.bbkappel.ch\/?p=339"},"modified":"2012-04-30T22:22:26","modified_gmt":"2012-04-30T20:22:26","slug":"schulerkonzert","status":"publish","type":"post","link":"https:\/\/www.bbkappel.ch\/index.php\/schulerkonzert\/","title":{"rendered":"Sch\u00fclerkonzert"},"content":{"rendered":"<p>Am Donnerstag, 3. Mai 2012 f\u00fchrt die Brass Band Kappel das mittlerweile schon zur Tradition gewordene Sch\u00fclerkonzert durch.<\/p>\n<p>Treffpunkt: Hexenraum in der Mehrzweckhalle Kappel<br \/>\nZeit: 19.00 Uhr<\/p>\n<p>Wir freuen uns auf Dich!<\/p>\n<!-- AddThis Advanced Settings generic via filter on the_content -->","protected":false},"excerpt":{"rendered":"<p>Am Donnerstag, 3. Mai 2012 f\u00fchrt die Brass Band Kappel das mittlerweile schon zur Tradition gewordene Sch\u00fclerkonzert durch. Treffpunkt: Hexenraum in der Mehrzweckhalle Kappel Zeit: 19.00 Uhr Wir freuen uns auf Dich!<!-- AddThis Advanced Settings generic via filter on wp_trim_excerpt --><\/p>\n","protected":false},"author":4,"featured_media":0,"comment_status":"closed","ping_status":"closed","sticky":false,"template":"","format":"standard","meta":{"jetpack_post_was_ever_published":false,"_jetpack_newsletter_access":"","_jetpack_dont_email_post_to_subs":false,"_jetpack_newsletter_tier_id":0,"_jetpack_memberships_contains_paywalled_content":false,"_jetpack_memberships_contains_paid_content":false,"footnotes":""},"categories":[1],"tags":[],"class_list":["post-339","post","type-post","status-publish","format-standard","hentry","category-allgemein"],"jetpack_featured_media_url":"","jetpack_sharing_enabled":true,"jetpack_shortlink":"https:\/\/wp.me\/p9vqt6-5t","_links":{"self":[{"href":"https:\/\/www.bbkappel.ch\/index.php\/wp-json\/wp\/v2\/posts\/339","targetHints":{"allow":["GET"]}}],"collection":[{"href":"https:\/\/www.bbkappel.ch\/index.php\/wp-json\/wp\/v2\/posts"}],"about":[{"href":"https:\/\/www.bbkappel.ch\/index.php\/wp-json\/wp\/v2\/types\/post"}],"author":[{"embeddable":true,"href":"https:\/\/www.bbkappel.ch\/index.php\/wp-json\/wp\/v2\/users\/4"}],"replies":[{"embeddable":true,"href":"https:\/\/www.bbkappel.ch\/index.php\/wp-json\/wp\/v2\/comments?post=339"}],"version-history":[{"count":2,"href":"https:\/\/www.bbkappel.ch\/index.php\/wp-json\/wp\/v2\/posts\/339\/revisions"}],"predecessor-version":[{"id":356,"href":"https:\/\/www.bbkappel.ch\/index.php\/wp-json\/wp\/v2\/posts\/339\/revisions\/356"}],"wp:attachment":[{"href":"https:\/\/www.bbkappel.ch\/index.php\/wp-json\/wp\/v2\/media?parent=339"}],"wp:term":[{"taxonomy":"category","embeddable":true,"href":"https:\/\/www.bbkappel.ch\/index.php\/wp-json\/wp\/v2\/categories?post=339"},{"taxonomy":"post_tag","embeddable":true,"href":"https:\/\/www.bbkappel.ch\/index.php\/wp-json\/wp\/v2\/tags?post=339"}],"curies":[{"name":"wp","href":"https:\/\/api.w.org\/{rel}","templated":true}]}}