{"id":262,"date":"2012-04-09T20:15:42","date_gmt":"2012-04-09T18:15:42","guid":{"rendered":"http:\/\/www.bbkappel.ch\/wordpress\/?p=262"},"modified":"2012-05-02T22:37:59","modified_gmt":"2012-05-02T20:37:59","slug":"fruhlingskonzert-2012","status":"publish","type":"post","link":"https:\/\/www.bbkappel.ch\/index.php\/fruhlingskonzert-2012\/","title":{"rendered":"Fr\u00fchlingskonzert 2012"},"content":{"rendered":"<p>Am 29. April 2012 findet in der Mehrzweckhalle Kappel um 17.00 Uhr unser Fr\u00fchlingskonzert statt.<\/p>\n<p>Das Programm finden Sie hier: <a href=\"https:\/\/www.bbkappel.ch\/wp-content\/uploads\/2012\/04\/Programm_FRK2012.pdf\" target=\"_blank\">Programm Fr\u00fchlingskonzert 2012<\/a><\/p>\n<p>Es freut uns, Sie an diesem Konzert begr\u00fcssen zu d\u00fcrfen und wenn Sie nach dem Konzert noch ein paar gem\u00fctliche Stunden mit uns verbringen.<\/p>\n<p>Kleine Festwirtschaft.<\/p>\n<p>&nbsp;<\/p>\n<p><a title=\"Konzertbericht Fr\u00fchlingskonzert 2012 im OT vom 2.5.2012\" href=\"https:\/\/www.bbkappel.ch\/wp-content\/uploads\/2012\/05\/Konzertbericht_OT_FRK2012.pdf\" target=\"_blank\">Konzertbericht<\/a><\/p>\n<!-- AddThis Advanced Settings generic via filter on the_content -->","protected":false},"excerpt":{"rendered":"<p>Am 29. April 2012 findet in der Mehrzweckhalle Kappel um 17.00 Uhr unser Fr\u00fchlingskonzert statt. Das Programm finden Sie hier: Programm Fr\u00fchlingskonzert 2012 Es freut uns, Sie an diesem Konzert begr\u00fcssen zu d\u00fcrfen und wenn Sie nach dem Konzert noch ein paar gem\u00fctliche Stunden mit uns verbringen. Kleine Festwirtschaft. &nbsp; Konzertbericht<!-- AddThis Advanced Settings generic via filter on wp_trim_excerpt --><\/p>\n","protected":false},"author":4,"featured_media":0,"comment_status":"closed","ping_status":"closed","sticky":false,"template":"","format":"standard","meta":{"jetpack_post_was_ever_published":false,"_jetpack_newsletter_access":"","_jetpack_dont_email_post_to_subs":false,"_jetpack_newsletter_tier_id":0,"_jetpack_memberships_contains_paywalled_content":false,"_jetpack_memberships_contains_paid_content":false,"footnotes":""},"categories":[1],"tags":[],"class_list":["post-262","post","type-post","status-publish","format-standard","hentry","category-allgemein"],"jetpack_featured_media_url":"","jetpack_sharing_enabled":true,"jetpack_shortlink":"https:\/\/wp.me\/p9vqt6-4e","_links":{"self":[{"href":"https:\/\/www.bbkappel.ch\/index.php\/wp-json\/wp\/v2\/posts\/262","targetHints":{"allow":["GET"]}}],"collection":[{"href":"https:\/\/www.bbkappel.ch\/index.php\/wp-json\/wp\/v2\/posts"}],"about":[{"href":"https:\/\/www.bbkappel.ch\/index.php\/wp-json\/wp\/v2\/types\/post"}],"author":[{"embeddable":true,"href":"https:\/\/www.bbkappel.ch\/index.php\/wp-json\/wp\/v2\/users\/4"}],"replies":[{"embeddable":true,"href":"https:\/\/www.bbkappel.ch\/index.php\/wp-json\/wp\/v2\/comments?post=262"}],"version-history":[{"count":13,"href":"https:\/\/www.bbkappel.ch\/index.php\/wp-json\/wp\/v2\/posts\/262\/revisions"}],"predecessor-version":[{"id":310,"href":"https:\/\/www.bbkappel.ch\/index.php\/wp-json\/wp\/v2\/posts\/262\/revisions\/310"}],"wp:attachment":[{"href":"https:\/\/www.bbkappel.ch\/index.php\/wp-json\/wp\/v2\/media?parent=262"}],"wp:term":[{"taxonomy":"category","embeddable":true,"href":"https:\/\/www.bbkappel.ch\/index.php\/wp-json\/wp\/v2\/categories?post=262"},{"taxonomy":"post_tag","embeddable":true,"href":"https:\/\/www.bbkappel.ch\/index.php\/wp-json\/wp\/v2\/tags?post=262"}],"curies":[{"name":"wp","href":"https:\/\/api.w.org\/{rel}","templated":true}]}}