{"id":1714,"date":"2024-06-03T08:15:47","date_gmt":"2024-06-03T06:15:47","guid":{"rendered":"https:\/\/www.bbkappel.ch\/?p=1714"},"modified":"2024-06-03T08:20:06","modified_gmt":"2024-06-03T06:20:06","slug":"vorbereitungskonzert-fuer-das-solothurner-kantonalmusikfest-muemliswil-in-welschenrohr","status":"publish","type":"post","link":"https:\/\/www.bbkappel.ch\/index.php\/vorbereitungskonzert-fuer-das-solothurner-kantonalmusikfest-muemliswil-in-welschenrohr\/","title":{"rendered":"Vorbereitungskonzert f\u00fcr das Solothurner Kantonalmusikfest M\u00fcmliswil in Welschenrohr"},"content":{"rendered":"\n<p>Am Samstag, 08. Juni 2024, 20:10 Uhr, spielen wir am Vorbereitungskonzert der Musikgesellschaft Matzendorf-Welschenrohr. <br>Wir freuen uns, unser erlerntes zum Besten geben zu d\u00fcrfen. <br>Den Organisatoren danken wir herzlich f\u00fcr die Durchf\u00fchrung und w\u00fcnschen allen Vereinen gutes Gelingen.  <\/p>\n\n\n\n<figure class=\"wp-block-gallery has-nested-images columns-default is-cropped wp-block-gallery-1 is-layout-flex wp-block-gallery-is-layout-flex\">\n<figure class=\"wp-block-image size-large\"><img loading=\"lazy\" decoding=\"async\" width=\"800\" height=\"1000\" data-id=\"1716\" src=\"https:\/\/www.bbkappel.ch\/wp-content\/uploads\/2024\/06\/FlyerA5_Vorbereitungskonzert_FINAL-3.jpg\" alt=\"\" class=\"wp-image-1716\" srcset=\"https:\/\/www.bbkappel.ch\/wp-content\/uploads\/2024\/06\/FlyerA5_Vorbereitungskonzert_FINAL-3.jpg 800w, https:\/\/www.bbkappel.ch\/wp-content\/uploads\/2024\/06\/FlyerA5_Vorbereitungskonzert_FINAL-3-240x300.jpg 240w, https:\/\/www.bbkappel.ch\/wp-content\/uploads\/2024\/06\/FlyerA5_Vorbereitungskonzert_FINAL-3-768x960.jpg 768w, https:\/\/www.bbkappel.ch\/wp-content\/uploads\/2024\/06\/FlyerA5_Vorbereitungskonzert_FINAL-3-216x270.jpg 216w\" sizes=\"auto, (max-width: 800px) 100vw, 800px\" \/><\/figure>\n<\/figure>\n<!-- AddThis Advanced Settings generic via filter on the_content -->","protected":false},"excerpt":{"rendered":"<p>Am Samstag, 08. Juni 2024, 20:10 Uhr, spielen wir am Vorbereitungskonzert der Musikgesellschaft Matzendorf-Welschenrohr. Wir freuen uns, unser erlerntes zum Besten geben zu d\u00fcrfen. Den Organisatoren danken wir herzlich f\u00fcr die Durchf\u00fchrung und w\u00fcnschen allen Vereinen gutes Gelingen.<!-- AddThis Advanced Settings generic via filter on wp_trim_excerpt --><\/p>\n","protected":false},"author":4,"featured_media":0,"comment_status":"closed","ping_status":"closed","sticky":false,"template":"","format":"standard","meta":{"jetpack_post_was_ever_published":false,"_jetpack_newsletter_access":"","_jetpack_dont_email_post_to_subs":false,"_jetpack_newsletter_tier_id":0,"_jetpack_memberships_contains_paywalled_content":false,"_jetpack_memberships_contains_paid_content":false,"footnotes":""},"categories":[1],"tags":[],"class_list":["post-1714","post","type-post","status-publish","format-standard","hentry","category-allgemein"],"jetpack_featured_media_url":"","jetpack_sharing_enabled":true,"jetpack_shortlink":"https:\/\/wp.me\/p9vqt6-rE","_links":{"self":[{"href":"https:\/\/www.bbkappel.ch\/index.php\/wp-json\/wp\/v2\/posts\/1714","targetHints":{"allow":["GET"]}}],"collection":[{"href":"https:\/\/www.bbkappel.ch\/index.php\/wp-json\/wp\/v2\/posts"}],"about":[{"href":"https:\/\/www.bbkappel.ch\/index.php\/wp-json\/wp\/v2\/types\/post"}],"author":[{"embeddable":true,"href":"https:\/\/www.bbkappel.ch\/index.php\/wp-json\/wp\/v2\/users\/4"}],"replies":[{"embeddable":true,"href":"https:\/\/www.bbkappel.ch\/index.php\/wp-json\/wp\/v2\/comments?post=1714"}],"version-history":[{"count":2,"href":"https:\/\/www.bbkappel.ch\/index.php\/wp-json\/wp\/v2\/posts\/1714\/revisions"}],"predecessor-version":[{"id":1717,"href":"https:\/\/www.bbkappel.ch\/index.php\/wp-json\/wp\/v2\/posts\/1714\/revisions\/1717"}],"wp:attachment":[{"href":"https:\/\/www.bbkappel.ch\/index.php\/wp-json\/wp\/v2\/media?parent=1714"}],"wp:term":[{"taxonomy":"category","embeddable":true,"href":"https:\/\/www.bbkappel.ch\/index.php\/wp-json\/wp\/v2\/categories?post=1714"},{"taxonomy":"post_tag","embeddable":true,"href":"https:\/\/www.bbkappel.ch\/index.php\/wp-json\/wp\/v2\/tags?post=1714"}],"curies":[{"name":"wp","href":"https:\/\/api.w.org\/{rel}","templated":true}]}}